{"id":4036,"date":"2023-03-08T09:10:32","date_gmt":"2023-03-08T08:10:32","guid":{"rendered":"https:\/\/www.palazzolateranense.com\/?p=4036"},"modified":"2023-03-08T09:20:59","modified_gmt":"2023-03-08T08:20:59","slug":"pacem-in-terris-una-riflessione-a-60-anni-dallenciclica-di-san-giovanni-xxiii","status":"publish","type":"post","link":"https:\/\/www.palazzolateranense.com\/it\/eventi\/pacem-in-terris-una-riflessione-a-60-anni-dallenciclica-di-san-giovanni-xxiii\/","title":{"rendered":"\u201cPacem in terris\u201d &#8211; Una riflessione a 60 anni dall\u2019Enciclica di San Giovanni XXIII"},"content":{"rendered":"<p>[vc_row gap=&#8221;35&#8243;][vc_column width=&#8221;1\/2&#8243;][vc_column_text]<\/p>\n<p style=\"text-align: left;\"><strong>9 Marzo <\/strong>dalle ore<strong> 17:45 alle <\/strong>ore<strong> 20:00<\/strong><\/p>\n<p style=\"text-align: left;\"><strong>Sala della Conciliazione &#8211; Palazzo del Vicariato<\/strong><\/p>\n<p>&nbsp;<\/p>\n<p>Venerd\u00ec 9 marzo la comunit\u00e0 della Diocesi di Roma \u00e8 invitata a partecipare al convegno &#8220;Pacem in terris&#8221;, una riflessione a 60 anni dall\u2019Enciclica di San Giovanni XXIII<\/p>\n<p>L&#8217;evento \u00e8 promosso dall&#8217;Ufficio per la Pastorale sociale, del lavoro e della custodia del creato della Diocesi di Roma in collaborazione con il ciclo di studio di Scienze della pace della Pontificia Universit\u00e0 Lateranense.<\/p>\n<p>Il convegno, aperto a tutti, vedr\u00e0 l\u2019introduzione di Monsignor Francesco Pesce, incaricato dell&#8217;Ufficio per la Pastorale sociale, del lavoro e della custodia del creato, e un intervento del cardinale vicario Angelo De Donatis.<\/p>\n<p><strong>PROGRAMMA:<\/strong><\/p>\n<p><strong>-Introduzione<br \/>\n<\/strong>Mons. Francesco PESCE,<br \/>\nIncaricato dell\u2019Ufficio per la pastorale sociale, del lavoro e della custodia del creato<\/p>\n<p><strong>-Pacem In Terris. L\u2019attualit\u00e0 di un messaggio<br \/>\n<\/strong>Dott. Oliviero BETTINELLI,<br \/>\nVicedirettore dell\u2019Ufficio per la pastorale sociale, del lavoro e della custodia del creato<\/p>\n<p><strong>-Pacem In Terris, l\u2019ultimo dono<br \/>\n<\/strong>Marco RONCALLI, saggista, pronipote di Giovanni XXIII<\/p>\n<p><strong>-Lo Sviluppo, il nuovo nome della pace<br \/>\n<\/strong>Dott.ssa Monica DI SISTO, Economista e giornalista<\/p>\n<p><strong>-La Pacem In Terris, per una vera democrazia<br \/>\n<\/strong>Prof. Giulio ALFANO, delegato ciclo di Studi in Scienze della Pace, PUL<\/p>\n<p><strong>-La Pace nella Dottrina Sociale della Chiesa<br \/>\n<\/strong>Dott.ssa Flaminia GIOVANELLI, gi\u00e0 sottosegretaria Dicastero Sviluppo Umano e Integrale<\/p>\n<p><strong>-La Pace ogni giorno: don Ariodante Brandi, prete romano<br \/>\n<\/strong>Dott. Massimiliano PERUGIA, Missionario del Lavoro<\/p>\n<p><strong>-La Pace nella Sacra Scrittura<br \/>\n<\/strong>Sua Eminenza Angelo DE DONATIS, Vicario Generale di Sua Santit\u00e0 per la Diocesi di Roma<\/p>\n<p>&nbsp;<\/p>\n<p>Modera Toni MIRA, giornalista di Avvenire[\/vc_column_text][\/vc_column][vc_column width=&#8221;1\/2&#8243;][vc_single_image image=&#8221;4030&#8243; img_size=&#8221;full&#8221;][\/vc_column][\/vc_row]<\/p>\n","protected":false},"excerpt":{"rendered":"<p>[vc_row gap=&#8221;35&#8243;][vc_column width=&#8221;1\/2&#8243;][vc_column_text] 9 Marzo dalle ore 17:45 alle ore 20:00 Sala della Conciliazione &#8211; Palazzo del Vicariato &nbsp; Venerd\u00ec 9 marzo la comunit\u00e0 della Diocesi di Roma \u00e8 invitata a partecipare al convegno &#8220;Pacem in terris&#8221;, una riflessione a 60 anni dall\u2019Enciclica di San Giovanni XXIII L&#8217;evento \u00e8 promosso dall&#8217;Ufficio per la Pastorale sociale, [&hellip;]<\/p>\n","protected":false},"author":1,"featured_media":4030,"comment_status":"closed","ping_status":"closed","sticky":false,"template":"","format":"standard","meta":[],"categories":[27],"tags":[],"acf":[],"yoast_head":"<!-- This site is optimized with the Yoast SEO plugin v17.7.1 - https:\/\/yoast.com\/wordpress\/plugins\/seo\/ -->\n<title>\u201cPacem in terris\u201d - Una riflessione a 60 anni dall\u2019Enciclica di San Giovanni XXIII - Palazzo Lateranense<\/title>\n<meta name=\"robots\" content=\"index, follow, max-snippet:-1, max-image-preview:large, max-video-preview:-1\" \/>\n<link rel=\"canonical\" href=\"https:\/\/www.palazzolateranense.com\/it\/eventi\/pacem-in-terris-una-riflessione-a-60-anni-dallenciclica-di-san-giovanni-xxiii\/\" \/>\n<meta property=\"og:locale\" content=\"it_IT\" \/>\n<meta property=\"og:type\" content=\"article\" \/>\n<meta property=\"og:title\" content=\"\u201cPacem in terris\u201d - Una riflessione a 60 anni dall\u2019Enciclica di San Giovanni XXIII - Palazzo Lateranense\" \/>\n<meta property=\"og:description\" content=\"[vc_row gap=&#8221;35&#8243;][vc_column width=&#8221;1\/2&#8243;][vc_column_text] 9 Marzo dalle ore 17:45 alle ore 20:00 Sala della Conciliazione &#8211; Palazzo del Vicariato &nbsp; Venerd\u00ec 9 marzo la comunit\u00e0 della Diocesi di Roma \u00e8 invitata a partecipare al convegno &#8220;Pacem in terris&#8221;, una riflessione a 60 anni dall\u2019Enciclica di San Giovanni XXIII L&#8217;evento \u00e8 promosso dall&#8217;Ufficio per la Pastorale sociale, [&hellip;]\" \/>\n<meta property=\"og:url\" content=\"https:\/\/www.palazzolateranense.com\/it\/eventi\/pacem-in-terris-una-riflessione-a-60-anni-dallenciclica-di-san-giovanni-xxiii\/\" \/>\n<meta property=\"og:site_name\" content=\"Palazzo Lateranense\" \/>\n<meta property=\"article:published_time\" content=\"2023-03-08T08:10:32+00:00\" \/>\n<meta property=\"article:modified_time\" content=\"2023-03-08T08:20:59+00:00\" \/>\n<meta property=\"og:image\" content=\"https:\/\/www.palazzolateranense.com\/wp-content\/uploads\/2023\/03\/locandina-pacem-in-terris.jpeg\" \/>\n\t<meta property=\"og:image:width\" content=\"1138\" \/>\n\t<meta property=\"og:image:height\" content=\"1600\" \/>\n<meta name=\"twitter:card\" content=\"summary_large_image\" \/>\n<meta name=\"twitter:label1\" content=\"Scritto da\" \/>\n\t<meta name=\"twitter:data1\" content=\"LvmkAdmin\" \/>\n\t<meta name=\"twitter:label2\" content=\"Tempo di lettura stimato\" \/>\n\t<meta name=\"twitter:data2\" content=\"2 minuti\" \/>\n<script type=\"application\/ld+json\" class=\"yoast-schema-graph\">{\"@context\":\"https:\/\/schema.org\",\"@graph\":[{\"@type\":\"WebSite\",\"@id\":\"https:\/\/www.palazzolateranense.com\/it\/#website\",\"url\":\"https:\/\/www.palazzolateranense.com\/it\/\",\"name\":\"Palazzo Lateranense\",\"description\":\"\",\"potentialAction\":[{\"@type\":\"SearchAction\",\"target\":{\"@type\":\"EntryPoint\",\"urlTemplate\":\"https:\/\/www.palazzolateranense.com\/it\/?s={search_term_string}\"},\"query-input\":\"required name=search_term_string\"}],\"inLanguage\":\"it-IT\"},{\"@type\":\"ImageObject\",\"@id\":\"https:\/\/www.palazzolateranense.com\/it\/eventi\/pacem-in-terris-una-riflessione-a-60-anni-dallenciclica-di-san-giovanni-xxiii\/#primaryimage\",\"inLanguage\":\"it-IT\",\"url\":\"https:\/\/www.palazzolateranense.com\/wp-content\/uploads\/2023\/03\/locandina-pacem-in-terris.jpeg\",\"contentUrl\":\"https:\/\/www.palazzolateranense.com\/wp-content\/uploads\/2023\/03\/locandina-pacem-in-terris.jpeg\",\"width\":1138,\"height\":1600},{\"@type\":\"WebPage\",\"@id\":\"https:\/\/www.palazzolateranense.com\/it\/eventi\/pacem-in-terris-una-riflessione-a-60-anni-dallenciclica-di-san-giovanni-xxiii\/#webpage\",\"url\":\"https:\/\/www.palazzolateranense.com\/it\/eventi\/pacem-in-terris-una-riflessione-a-60-anni-dallenciclica-di-san-giovanni-xxiii\/\",\"name\":\"\\u201cPacem in terris\\u201d - Una riflessione a 60 anni dall\\u2019Enciclica di San Giovanni XXIII - Palazzo Lateranense\",\"isPartOf\":{\"@id\":\"https:\/\/www.palazzolateranense.com\/it\/#website\"},\"primaryImageOfPage\":{\"@id\":\"https:\/\/www.palazzolateranense.com\/it\/eventi\/pacem-in-terris-una-riflessione-a-60-anni-dallenciclica-di-san-giovanni-xxiii\/#primaryimage\"},\"datePublished\":\"2023-03-08T08:10:32+00:00\",\"dateModified\":\"2023-03-08T08:20:59+00:00\",\"author\":{\"@id\":\"https:\/\/www.palazzolateranense.com\/it\/#\/schema\/person\/d90c0dade62094f3dd56c99514e7386d\"},\"breadcrumb\":{\"@id\":\"https:\/\/www.palazzolateranense.com\/it\/eventi\/pacem-in-terris-una-riflessione-a-60-anni-dallenciclica-di-san-giovanni-xxiii\/#breadcrumb\"},\"inLanguage\":\"it-IT\",\"potentialAction\":[{\"@type\":\"ReadAction\",\"target\":[\"https:\/\/www.palazzolateranense.com\/it\/eventi\/pacem-in-terris-una-riflessione-a-60-anni-dallenciclica-di-san-giovanni-xxiii\/\"]}]},{\"@type\":\"BreadcrumbList\",\"@id\":\"https:\/\/www.palazzolateranense.com\/it\/eventi\/pacem-in-terris-una-riflessione-a-60-anni-dallenciclica-di-san-giovanni-xxiii\/#breadcrumb\",\"itemListElement\":[{\"@type\":\"ListItem\",\"position\":1,\"name\":\"Home\",\"item\":\"https:\/\/www.palazzolateranense.com\/it\/\"},{\"@type\":\"ListItem\",\"position\":2,\"name\":\"\\u201cPacem in terris\\u201d &#8211; Una riflessione a 60 anni dall\\u2019Enciclica di San Giovanni XXIII\"}]},{\"@type\":\"Person\",\"@id\":\"https:\/\/www.palazzolateranense.com\/it\/#\/schema\/person\/d90c0dade62094f3dd56c99514e7386d\",\"name\":\"LvmkAdmin\",\"image\":{\"@type\":\"ImageObject\",\"@id\":\"https:\/\/www.palazzolateranense.com\/it\/#personlogo\",\"inLanguage\":\"it-IT\",\"url\":\"https:\/\/secure.gravatar.com\/avatar\/a5888405f818bb07c1f551a3efa64d44?s=96&d=mm&r=g\",\"contentUrl\":\"https:\/\/secure.gravatar.com\/avatar\/a5888405f818bb07c1f551a3efa64d44?s=96&d=mm&r=g\",\"caption\":\"LvmkAdmin\"},\"sameAs\":[\"https:\/\/www.palazzolateranense.com\"],\"url\":\"https:\/\/www.palazzolateranense.com\/it\/author\/lvmkadmin\/\"}]}<\/script>\n<!-- \/ Yoast SEO plugin. -->","yoast_head_json":{"title":"\u201cPacem in terris\u201d - Una riflessione a 60 anni dall\u2019Enciclica di San Giovanni XXIII - Palazzo Lateranense","robots":{"index":"index","follow":"follow","max-snippet":"max-snippet:-1","max-image-preview":"max-image-preview:large","max-video-preview":"max-video-preview:-1"},"canonical":"https:\/\/www.palazzolateranense.com\/it\/eventi\/pacem-in-terris-una-riflessione-a-60-anni-dallenciclica-di-san-giovanni-xxiii\/","og_locale":"it_IT","og_type":"article","og_title":"\u201cPacem in terris\u201d - Una riflessione a 60 anni dall\u2019Enciclica di San Giovanni XXIII - Palazzo Lateranense","og_description":"[vc_row gap=&#8221;35&#8243;][vc_column width=&#8221;1\/2&#8243;][vc_column_text] 9 Marzo dalle ore 17:45 alle ore 20:00 Sala della Conciliazione &#8211; Palazzo del Vicariato &nbsp; Venerd\u00ec 9 marzo la comunit\u00e0 della Diocesi di Roma \u00e8 invitata a partecipare al convegno &#8220;Pacem in terris&#8221;, una riflessione a 60 anni dall\u2019Enciclica di San Giovanni XXIII L&#8217;evento \u00e8 promosso dall&#8217;Ufficio per la Pastorale sociale, [&hellip;]","og_url":"https:\/\/www.palazzolateranense.com\/it\/eventi\/pacem-in-terris-una-riflessione-a-60-anni-dallenciclica-di-san-giovanni-xxiii\/","og_site_name":"Palazzo Lateranense","article_published_time":"2023-03-08T08:10:32+00:00","article_modified_time":"2023-03-08T08:20:59+00:00","og_image":[{"width":1138,"height":1600,"url":"https:\/\/www.palazzolateranense.com\/wp-content\/uploads\/2023\/03\/locandina-pacem-in-terris.jpeg","type":"image\/jpeg"}],"twitter_card":"summary_large_image","twitter_misc":{"Scritto da":"LvmkAdmin","Tempo di lettura stimato":"2 minuti"},"schema":{"@context":"https:\/\/schema.org","@graph":[{"@type":"WebSite","@id":"https:\/\/www.palazzolateranense.com\/it\/#website","url":"https:\/\/www.palazzolateranense.com\/it\/","name":"Palazzo Lateranense","description":"","potentialAction":[{"@type":"SearchAction","target":{"@type":"EntryPoint","urlTemplate":"https:\/\/www.palazzolateranense.com\/it\/?s={search_term_string}"},"query-input":"required name=search_term_string"}],"inLanguage":"it-IT"},{"@type":"ImageObject","@id":"https:\/\/www.palazzolateranense.com\/it\/eventi\/pacem-in-terris-una-riflessione-a-60-anni-dallenciclica-di-san-giovanni-xxiii\/#primaryimage","inLanguage":"it-IT","url":"https:\/\/www.palazzolateranense.com\/wp-content\/uploads\/2023\/03\/locandina-pacem-in-terris.jpeg","contentUrl":"https:\/\/www.palazzolateranense.com\/wp-content\/uploads\/2023\/03\/locandina-pacem-in-terris.jpeg","width":1138,"height":1600},{"@type":"WebPage","@id":"https:\/\/www.palazzolateranense.com\/it\/eventi\/pacem-in-terris-una-riflessione-a-60-anni-dallenciclica-di-san-giovanni-xxiii\/#webpage","url":"https:\/\/www.palazzolateranense.com\/it\/eventi\/pacem-in-terris-una-riflessione-a-60-anni-dallenciclica-di-san-giovanni-xxiii\/","name":"\u201cPacem in terris\u201d - Una riflessione a 60 anni dall\u2019Enciclica di San Giovanni XXIII - Palazzo Lateranense","isPartOf":{"@id":"https:\/\/www.palazzolateranense.com\/it\/#website"},"primaryImageOfPage":{"@id":"https:\/\/www.palazzolateranense.com\/it\/eventi\/pacem-in-terris-una-riflessione-a-60-anni-dallenciclica-di-san-giovanni-xxiii\/#primaryimage"},"datePublished":"2023-03-08T08:10:32+00:00","dateModified":"2023-03-08T08:20:59+00:00","author":{"@id":"https:\/\/www.palazzolateranense.com\/it\/#\/schema\/person\/d90c0dade62094f3dd56c99514e7386d"},"breadcrumb":{"@id":"https:\/\/www.palazzolateranense.com\/it\/eventi\/pacem-in-terris-una-riflessione-a-60-anni-dallenciclica-di-san-giovanni-xxiii\/#breadcrumb"},"inLanguage":"it-IT","potentialAction":[{"@type":"ReadAction","target":["https:\/\/www.palazzolateranense.com\/it\/eventi\/pacem-in-terris-una-riflessione-a-60-anni-dallenciclica-di-san-giovanni-xxiii\/"]}]},{"@type":"BreadcrumbList","@id":"https:\/\/www.palazzolateranense.com\/it\/eventi\/pacem-in-terris-una-riflessione-a-60-anni-dallenciclica-di-san-giovanni-xxiii\/#breadcrumb","itemListElement":[{"@type":"ListItem","position":1,"name":"Home","item":"https:\/\/www.palazzolateranense.com\/it\/"},{"@type":"ListItem","position":2,"name":"\u201cPacem in terris\u201d &#8211; Una riflessione a 60 anni dall\u2019Enciclica di San Giovanni XXIII"}]},{"@type":"Person","@id":"https:\/\/www.palazzolateranense.com\/it\/#\/schema\/person\/d90c0dade62094f3dd56c99514e7386d","name":"LvmkAdmin","image":{"@type":"ImageObject","@id":"https:\/\/www.palazzolateranense.com\/it\/#personlogo","inLanguage":"it-IT","url":"https:\/\/secure.gravatar.com\/avatar\/a5888405f818bb07c1f551a3efa64d44?s=96&d=mm&r=g","contentUrl":"https:\/\/secure.gravatar.com\/avatar\/a5888405f818bb07c1f551a3efa64d44?s=96&d=mm&r=g","caption":"LvmkAdmin"},"sameAs":["https:\/\/www.palazzolateranense.com"],"url":"https:\/\/www.palazzolateranense.com\/it\/author\/lvmkadmin\/"}]}},"_links":{"self":[{"href":"https:\/\/www.palazzolateranense.com\/it\/wp-json\/wp\/v2\/posts\/4036"}],"collection":[{"href":"https:\/\/www.palazzolateranense.com\/it\/wp-json\/wp\/v2\/posts"}],"about":[{"href":"https:\/\/www.palazzolateranense.com\/it\/wp-json\/wp\/v2\/types\/post"}],"author":[{"embeddable":true,"href":"https:\/\/www.palazzolateranense.com\/it\/wp-json\/wp\/v2\/users\/1"}],"replies":[{"embeddable":true,"href":"https:\/\/www.palazzolateranense.com\/it\/wp-json\/wp\/v2\/comments?post=4036"}],"version-history":[{"count":4,"href":"https:\/\/www.palazzolateranense.com\/it\/wp-json\/wp\/v2\/posts\/4036\/revisions"}],"predecessor-version":[{"id":4048,"href":"https:\/\/www.palazzolateranense.com\/it\/wp-json\/wp\/v2\/posts\/4036\/revisions\/4048"}],"wp:featuredmedia":[{"embeddable":true,"href":"https:\/\/www.palazzolateranense.com\/it\/wp-json\/wp\/v2\/media\/4030"}],"wp:attachment":[{"href":"https:\/\/www.palazzolateranense.com\/it\/wp-json\/wp\/v2\/media?parent=4036"}],"wp:term":[{"taxonomy":"category","embeddable":true,"href":"https:\/\/www.palazzolateranense.com\/it\/wp-json\/wp\/v2\/categories?post=4036"},{"taxonomy":"post_tag","embeddable":true,"href":"https:\/\/www.palazzolateranense.com\/it\/wp-json\/wp\/v2\/tags?post=4036"}],"curies":[{"name":"wp","href":"https:\/\/api.w.org\/{rel}","templated":true}]}}